{"id":3198,"date":"2025-02-26T11:48:32","date_gmt":"2025-02-26T10:48:32","guid":{"rendered":"https:\/\/stellaematutinae.org\/?p=3198"},"modified":"2025-02-26T11:48:37","modified_gmt":"2025-02-26T10:48:37","slug":"announcing-the-winners-of-the-stars-of-tomorrow-open-call","status":"publish","type":"post","link":"https:\/\/stellaematutinae.org\/de\/announcing-the-winners-of-the-stars-of-tomorrow-open-call\/","title":{"rendered":"Announcing the Winners of the &#8220;Stars of Tomorrow&#8221; Open Call!"},"content":{"rendered":"<p><\/p>\n\n\n\n<p>We are delighted to announce the winners of the <strong>&#8220;Stars of Tomorrow&#8221;<\/strong> Open Call for the concert series taking place during the <strong>European Harp Symposium &#8220;Stellae Matutinae&#8221;<\/strong>, which will be held from <strong>April 12\u201318, 2025, in Feldkirch, Austria<\/strong>.<\/p>\n\n\n\n<div style=\"height:31px\" aria-hidden=\"true\" class=\"wp-block-spacer\"><\/div>\n\n\n\n<p>After receiving <strong>almost 60 applications<\/strong> from talented young harpists worldwide, the selection process was truly inspiring. The level of artistry and dedication demonstrated by all applicants was exceptional, and we are grateful to everyone who participated.<\/p>\n\n\n\n<div style=\"height:51px\" aria-hidden=\"true\" class=\"wp-block-spacer\"><\/div>\n\n\n\n<p>\ud83c\udfb6 <strong>Congratulations to the selected performers:<\/strong><\/p>\n\n\n\n<ul class=\"wp-block-list\">\n<li><strong>Teodora Cotuna Rizea<\/strong> (Spain)<\/li>\n\n\n\n<li><strong>Iva Dimitrijevi\u0107<\/strong> (Serbia)<\/li>\n\n\n\n<li><strong>Gabriela Dudziak<\/strong> (Poland)<\/li>\n\n\n\n<li><strong>Zeynep Duru G\u00fcle\u00e7<\/strong> (Turkey)<\/li>\n\n\n\n<li><strong>Nadja Floder<\/strong> (Austria)<\/li>\n\n\n\n<li><strong>Deborah Haag<\/strong> (Germany)<\/li>\n\n\n\n<li><strong>Lin\u00e9 Lipnickait\u00e9<\/strong> (Lithuania)<\/li>\n\n\n\n<li><strong>Rosie Murphy<\/strong> (Ireland)<\/li>\n\n\n\n<li><strong>Mizuki Namba<\/strong> (Japan)<\/li>\n\n\n\n<li><strong>Maria Pogolski<\/strong> (Germany)<\/li>\n\n\n\n<li><strong>\u00c1lmos L\u00e1szl\u00f3 Tall\u00f3s<\/strong> (Hungary)<\/li>\n\n\n\n<li><strong>Henriette Urban<\/strong> (Germany)<\/li>\n<\/ul>\n\n\n\n<p>This selection was made by a distinguished jury of experts, who carefully evaluated all applications:<\/p>\n\n\n\n<p>\ud83c\udfbc <strong>Head of the Commission:<\/strong><\/p>\n\n\n\n<ul class=\"wp-block-list\">\n<li><strong>Viktor Hartobanu<\/strong> (Austria) \u2013 Stella Vorarlberg Private University College for Music<\/li>\n<\/ul>\n\n\n\n<p>\ud83c\udfbc <strong>Commission Members:<\/strong><\/p>\n\n\n\n<ul class=\"wp-block-list\">\n<li><strong>Eva Curth<\/strong> (Germany) \u2013 Konservatorium Georg Philipp Telemann in Magdeburg<\/li>\n\n\n\n<li><strong>Elisabeth Plank<\/strong> (Austria) \u2013 Universit\u00e4t f\u00fcr Musik und darstellende Kunst Wien<\/li>\n\n\n\n<li><strong>Adrian Nowak<\/strong> (Poland) \u2013 Krzysztof Penderecki Academy of Music in Cracow<\/li>\n\n\n\n<li><strong>Giuliano Marco Mattioli<\/strong> (Italy)<\/li>\n<\/ul>\n\n\n\n<p>We want to extend our heartfelt <strong>congratulations to all applicants<\/strong>\u2014whether you have been selected for the concert series or the masterclass, you are all part of this exciting journey. Each participant will receive an email with further details about their concert dates and proposed masterclasses.<\/p>\n\n\n\n<div style=\"height:34px\" aria-hidden=\"true\" class=\"wp-block-spacer\"><\/div>\n\n\n\n<p>We eagerly anticipate welcoming these talented young musicians to Feldkirch and celebrating the future of harp music together!<\/p>\n\n\n\n<div style=\"height:35px\" aria-hidden=\"true\" class=\"wp-block-spacer\"><\/div>\n\n\n\n<p><strong>Stay tuned for more updates and see you in April!<\/strong><\/p>\n\n\n\n<div style=\"height:33px\" aria-hidden=\"true\" class=\"wp-block-spacer\"><\/div>\n\n\n\n<p>#StellaeMatutinae #EuropeanHarpSymposium #StarsOfTomorrow #HarpMusic #YoungArtists<\/p>\n\n\n\n<div class=\"wp-block-uagb-image uagb-block-8c971396 wp-block-uagb-image--layout-default wp-block-uagb-image--effect-static wp-block-uagb-image--align-none\"><figure class=\"wp-block-uagb-image__figure\"><img decoding=\"async\" srcset=\"https:\/\/stellaematutinae.org\/wp-content\/uploads\/2025\/02\/OPEN-CALL-WINNERS-724x1024.png ,https:\/\/stellaematutinae.org\/wp-content\/uploads\/2025\/02\/OPEN-CALL-WINNERS.png 780w, https:\/\/stellaematutinae.org\/wp-content\/uploads\/2025\/02\/OPEN-CALL-WINNERS.png 360w\" sizes=\"auto, (max-width: 480px) 150px\" src=\"https:\/\/stellaematutinae.org\/wp-content\/uploads\/2025\/02\/OPEN-CALL-WINNERS-724x1024.png\" alt=\"\" class=\"uag-image-3200\" width=\"1587\" height=\"2245\" title=\"OPEN CALL WINNERS\" loading=\"lazy\" role=\"img\"\/><\/figure><\/div>\n\n\n\n<p><\/p>","protected":false},"excerpt":{"rendered":"<p>We are delighted to announce the winners of the &#8220;Stars of Tomorrow&#8221; Open Call for the concert series taking place during the European Harp Symposium &#8220;Stellae Matutinae&#8221;, which will be [&hellip;]<\/p>\n","protected":false},"author":1,"featured_media":3199,"comment_status":"open","ping_status":"open","sticky":false,"template":"","format":"standard","meta":{"_surecart_dashboard_logo_width":"180px","_surecart_dashboard_show_logo":true,"_surecart_dashboard_navigation_orders":true,"_surecart_dashboard_navigation_invoices":true,"_surecart_dashboard_navigation_subscriptions":true,"_surecart_dashboard_navigation_downloads":true,"_surecart_dashboard_navigation_billing":true,"_surecart_dashboard_navigation_account":true,"_uag_custom_page_level_css":"","site-sidebar-layout":"default","site-content-layout":"","ast-site-content-layout":"default","site-content-style":"default","site-sidebar-style":"default","ast-global-header-display":"","ast-banner-title-visibility":"","ast-main-header-display":"","ast-hfb-above-header-display":"","ast-hfb-below-header-display":"","ast-hfb-mobile-header-display":"","site-post-title":"","ast-breadcrumbs-content":"","ast-featured-img":"","footer-sml-layout":"","ast-disable-related-posts":"","theme-transparent-header-meta":"","adv-header-id-meta":"","stick-header-meta":"","header-above-stick-meta":"","header-main-stick-meta":"","header-below-stick-meta":"","astra-migrate-meta-layouts":"set","ast-page-background-enabled":"default","ast-page-background-meta":{"desktop":{"background-color":"var(--ast-global-color-4)","background-image":"","background-repeat":"repeat","background-position":"center center","background-size":"auto","background-attachment":"scroll","background-type":"","background-media":"","overlay-type":"","overlay-color":"","overlay-opacity":"","overlay-gradient":""},"tablet":{"background-color":"","background-image":"","background-repeat":"repeat","background-position":"center center","background-size":"auto","background-attachment":"scroll","background-type":"","background-media":"","overlay-type":"","overlay-color":"","overlay-opacity":"","overlay-gradient":""},"mobile":{"background-color":"","background-image":"","background-repeat":"repeat","background-position":"center center","background-size":"auto","background-attachment":"scroll","background-type":"","background-media":"","overlay-type":"","overlay-color":"","overlay-opacity":"","overlay-gradient":""}},"ast-content-background-meta":{"desktop":{"background-color":"var(--ast-global-color-5)","background-image":"","background-repeat":"repeat","background-position":"center center","background-size":"auto","background-attachment":"scroll","background-type":"","background-media":"","overlay-type":"","overlay-color":"","overlay-opacity":"","overlay-gradient":""},"tablet":{"background-color":"var(--ast-global-color-5)","background-image":"","background-repeat":"repeat","background-position":"center center","background-size":"auto","background-attachment":"scroll","background-type":"","background-media":"","overlay-type":"","overlay-color":"","overlay-opacity":"","overlay-gradient":""},"mobile":{"background-color":"var(--ast-global-color-5)","background-image":"","background-repeat":"repeat","background-position":"center center","background-size":"auto","background-attachment":"scroll","background-type":"","background-media":"","overlay-type":"","overlay-color":"","overlay-opacity":"","overlay-gradient":""}},"footnotes":""},"categories":[18],"tags":[],"class_list":["post-3198","post","type-post","status-publish","format-standard","has-post-thumbnail","hentry","category-uncategorized-en"],"featured_image_src":"https:\/\/stellaematutinae.org\/wp-content\/uploads\/2025\/02\/1.png","author_info":{"display_name":"admin","author_link":"https:\/\/stellaematutinae.org\/de\/author\/admin\/"},"yoast_head":"<!-- This site is optimized with the Yoast SEO plugin v27.5 - https:\/\/yoast.com\/product\/yoast-seo-wordpress\/ -->\n<title>Announcing the Winners of the &quot;Stars of Tomorrow&quot; Open Call! - Stellae Matutinae - European Harp Symposium<\/title>\n<meta name=\"robots\" content=\"index, follow, max-snippet:-1, max-image-preview:large, max-video-preview:-1\" \/>\n<link rel=\"canonical\" href=\"https:\/\/stellaematutinae.org\/de\/announcing-the-winners-of-the-stars-of-tomorrow-open-call\/\" \/>\n<meta property=\"og:locale\" content=\"de_DE\" \/>\n<meta property=\"og:type\" content=\"article\" \/>\n<meta property=\"og:title\" content=\"Announcing the Winners of the &quot;Stars of Tomorrow&quot; Open Call! - Stellae Matutinae - European Harp Symposium\" \/>\n<meta property=\"og:description\" content=\"We are delighted to announce the winners of the &#8220;Stars of Tomorrow&#8221; Open Call for the concert series taking place during the European Harp Symposium &#8220;Stellae Matutinae&#8221;, which will be [&hellip;]\" \/>\n<meta property=\"og:url\" content=\"https:\/\/stellaematutinae.org\/de\/announcing-the-winners-of-the-stars-of-tomorrow-open-call\/\" \/>\n<meta property=\"og:site_name\" content=\"Stellae Matutinae - European Harp Symposium\" \/>\n<meta property=\"article:publisher\" content=\"https:\/\/www.facebook.com\/stellaematutinae\" \/>\n<meta property=\"article:published_time\" content=\"2025-02-26T10:48:32+00:00\" \/>\n<meta property=\"article:modified_time\" content=\"2025-02-26T10:48:37+00:00\" \/>\n<meta property=\"og:image\" content=\"https:\/\/stellaematutinae.org\/wp-content\/uploads\/2025\/02\/1-819x1024.png\" \/>\n\t<meta property=\"og:image:width\" content=\"819\" \/>\n\t<meta property=\"og:image:height\" content=\"1024\" \/>\n\t<meta property=\"og:image:type\" content=\"image\/png\" \/>\n<meta name=\"author\" content=\"admin\" \/>\n<meta name=\"twitter:card\" content=\"summary_large_image\" \/>\n<meta name=\"twitter:label1\" content=\"Geschrieben von\" \/>\n\t<meta name=\"twitter:data1\" content=\"admin\" \/>\n\t<meta name=\"twitter:label2\" content=\"Gesch\u00e4tzte Lesezeit\" \/>\n\t<meta name=\"twitter:data2\" content=\"2\u00a0Minuten\" \/>\n<script type=\"application\/ld+json\" class=\"yoast-schema-graph\">{\"@context\":\"https:\\\/\\\/schema.org\",\"@graph\":[{\"@type\":\"Article\",\"@id\":\"https:\\\/\\\/stellaematutinae.org\\\/announcing-the-winners-of-the-stars-of-tomorrow-open-call\\\/#article\",\"isPartOf\":{\"@id\":\"https:\\\/\\\/stellaematutinae.org\\\/announcing-the-winners-of-the-stars-of-tomorrow-open-call\\\/\"},\"author\":{\"name\":\"admin\",\"@id\":\"https:\\\/\\\/stellaematutinae.org\\\/#\\\/schema\\\/person\\\/23898a89fcb8f8f615fa4784ae0b8d7d\"},\"headline\":\"Announcing the Winners of the &#8220;Stars of Tomorrow&#8221; Open Call!\",\"datePublished\":\"2025-02-26T10:48:32+00:00\",\"dateModified\":\"2025-02-26T10:48:37+00:00\",\"mainEntityOfPage\":{\"@id\":\"https:\\\/\\\/stellaematutinae.org\\\/announcing-the-winners-of-the-stars-of-tomorrow-open-call\\\/\"},\"wordCount\":273,\"commentCount\":0,\"publisher\":{\"@id\":\"https:\\\/\\\/stellaematutinae.org\\\/#organization\"},\"image\":{\"@id\":\"https:\\\/\\\/stellaematutinae.org\\\/announcing-the-winners-of-the-stars-of-tomorrow-open-call\\\/#primaryimage\"},\"thumbnailUrl\":\"https:\\\/\\\/stellaematutinae.org\\\/wp-content\\\/uploads\\\/2025\\\/02\\\/1.png\",\"articleSection\":[\"Uncategorized\"],\"inLanguage\":\"de\",\"potentialAction\":[{\"@type\":\"CommentAction\",\"name\":\"Comment\",\"target\":[\"https:\\\/\\\/stellaematutinae.org\\\/announcing-the-winners-of-the-stars-of-tomorrow-open-call\\\/#respond\"]}]},{\"@type\":\"WebPage\",\"@id\":\"https:\\\/\\\/stellaematutinae.org\\\/announcing-the-winners-of-the-stars-of-tomorrow-open-call\\\/\",\"url\":\"https:\\\/\\\/stellaematutinae.org\\\/announcing-the-winners-of-the-stars-of-tomorrow-open-call\\\/\",\"name\":\"Announcing the Winners of the \\\"Stars of Tomorrow\\\" Open Call! - Stellae Matutinae - European Harp Symposium\",\"isPartOf\":{\"@id\":\"https:\\\/\\\/stellaematutinae.org\\\/#website\"},\"primaryImageOfPage\":{\"@id\":\"https:\\\/\\\/stellaematutinae.org\\\/announcing-the-winners-of-the-stars-of-tomorrow-open-call\\\/#primaryimage\"},\"image\":{\"@id\":\"https:\\\/\\\/stellaematutinae.org\\\/announcing-the-winners-of-the-stars-of-tomorrow-open-call\\\/#primaryimage\"},\"thumbnailUrl\":\"https:\\\/\\\/stellaematutinae.org\\\/wp-content\\\/uploads\\\/2025\\\/02\\\/1.png\",\"datePublished\":\"2025-02-26T10:48:32+00:00\",\"dateModified\":\"2025-02-26T10:48:37+00:00\",\"breadcrumb\":{\"@id\":\"https:\\\/\\\/stellaematutinae.org\\\/announcing-the-winners-of-the-stars-of-tomorrow-open-call\\\/#breadcrumb\"},\"inLanguage\":\"de\",\"potentialAction\":[{\"@type\":\"ReadAction\",\"target\":[\"https:\\\/\\\/stellaematutinae.org\\\/announcing-the-winners-of-the-stars-of-tomorrow-open-call\\\/\"]}]},{\"@type\":\"ImageObject\",\"inLanguage\":\"de\",\"@id\":\"https:\\\/\\\/stellaematutinae.org\\\/announcing-the-winners-of-the-stars-of-tomorrow-open-call\\\/#primaryimage\",\"url\":\"https:\\\/\\\/stellaematutinae.org\\\/wp-content\\\/uploads\\\/2025\\\/02\\\/1.png\",\"contentUrl\":\"https:\\\/\\\/stellaematutinae.org\\\/wp-content\\\/uploads\\\/2025\\\/02\\\/1.png\",\"width\":1080,\"height\":1350},{\"@type\":\"BreadcrumbList\",\"@id\":\"https:\\\/\\\/stellaematutinae.org\\\/announcing-the-winners-of-the-stars-of-tomorrow-open-call\\\/#breadcrumb\",\"itemListElement\":[{\"@type\":\"ListItem\",\"position\":1,\"name\":\"Home\",\"item\":\"https:\\\/\\\/stellaematutinae.org\\\/\"},{\"@type\":\"ListItem\",\"position\":2,\"name\":\"Announcing the Winners of the &#8220;Stars of Tomorrow&#8221; Open Call!\"}]},{\"@type\":\"WebSite\",\"@id\":\"https:\\\/\\\/stellaematutinae.org\\\/#website\",\"url\":\"https:\\\/\\\/stellaematutinae.org\\\/\",\"name\":\"Stellae Matutinae - European Harp Symposium\",\"description\":\"Folge den Sternen - Follow the Stars\",\"publisher\":{\"@id\":\"https:\\\/\\\/stellaematutinae.org\\\/#organization\"},\"alternateName\":\"European Harp Symposium 2025\",\"potentialAction\":[{\"@type\":\"SearchAction\",\"target\":{\"@type\":\"EntryPoint\",\"urlTemplate\":\"https:\\\/\\\/stellaematutinae.org\\\/?s={search_term_string}\"},\"query-input\":{\"@type\":\"PropertyValueSpecification\",\"valueRequired\":true,\"valueName\":\"search_term_string\"}}],\"inLanguage\":\"de\"},{\"@type\":\"Organization\",\"@id\":\"https:\\\/\\\/stellaematutinae.org\\\/#organization\",\"name\":\"Stellae Matutinae\",\"url\":\"https:\\\/\\\/stellaematutinae.org\\\/\",\"logo\":{\"@type\":\"ImageObject\",\"inLanguage\":\"de\",\"@id\":\"https:\\\/\\\/stellaematutinae.org\\\/#\\\/schema\\\/logo\\\/image\\\/\",\"url\":\"http:\\\/\\\/stellaematutinae.org\\\/wp-content\\\/uploads\\\/2024\\\/09\\\/cropped-nur-Stern.png\",\"contentUrl\":\"http:\\\/\\\/stellaematutinae.org\\\/wp-content\\\/uploads\\\/2024\\\/09\\\/cropped-nur-Stern.png\",\"width\":512,\"height\":512,\"caption\":\"Stellae Matutinae\"},\"image\":{\"@id\":\"https:\\\/\\\/stellaematutinae.org\\\/#\\\/schema\\\/logo\\\/image\\\/\"},\"sameAs\":[\"https:\\\/\\\/www.facebook.com\\\/stellaematutinae\",\"https:\\\/\\\/www.youtube.com\\\/@stellae_matutinae\",\"https:\\\/\\\/instagram.com\\\/stellaematutinae\"]},{\"@type\":\"Person\",\"@id\":\"https:\\\/\\\/stellaematutinae.org\\\/#\\\/schema\\\/person\\\/23898a89fcb8f8f615fa4784ae0b8d7d\",\"name\":\"admin\",\"image\":{\"@type\":\"ImageObject\",\"inLanguage\":\"de\",\"@id\":\"https:\\\/\\\/secure.gravatar.com\\\/avatar\\\/a099c5b710335ed602e59f9fcca0400284931df3b8cf8d9c7a15d4f45b5f4749?s=96&d=mm&r=g\",\"url\":\"https:\\\/\\\/secure.gravatar.com\\\/avatar\\\/a099c5b710335ed602e59f9fcca0400284931df3b8cf8d9c7a15d4f45b5f4749?s=96&d=mm&r=g\",\"contentUrl\":\"https:\\\/\\\/secure.gravatar.com\\\/avatar\\\/a099c5b710335ed602e59f9fcca0400284931df3b8cf8d9c7a15d4f45b5f4749?s=96&d=mm&r=g\",\"caption\":\"admin\"},\"sameAs\":[\"https:\\\/\\\/stellaematutinae-hoi1spoc8d.live-website.com\"],\"url\":\"https:\\\/\\\/stellaematutinae.org\\\/de\\\/author\\\/admin\\\/\"}]}<\/script>\n<!-- \/ Yoast SEO plugin. -->","yoast_head_json":{"title":"Announcing the Winners of the \"Stars of Tomorrow\" Open Call! - Stellae Matutinae - European Harp Symposium","robots":{"index":"index","follow":"follow","max-snippet":"max-snippet:-1","max-image-preview":"max-image-preview:large","max-video-preview":"max-video-preview:-1"},"canonical":"https:\/\/stellaematutinae.org\/de\/announcing-the-winners-of-the-stars-of-tomorrow-open-call\/","og_locale":"de_DE","og_type":"article","og_title":"Announcing the Winners of the \"Stars of Tomorrow\" Open Call! - Stellae Matutinae - European Harp Symposium","og_description":"We are delighted to announce the winners of the &#8220;Stars of Tomorrow&#8221; Open Call for the concert series taking place during the European Harp Symposium &#8220;Stellae Matutinae&#8221;, which will be [&hellip;]","og_url":"https:\/\/stellaematutinae.org\/de\/announcing-the-winners-of-the-stars-of-tomorrow-open-call\/","og_site_name":"Stellae Matutinae - European Harp Symposium","article_publisher":"https:\/\/www.facebook.com\/stellaematutinae","article_published_time":"2025-02-26T10:48:32+00:00","article_modified_time":"2025-02-26T10:48:37+00:00","og_image":[{"width":819,"height":1024,"url":"https:\/\/stellaematutinae.org\/wp-content\/uploads\/2025\/02\/1-819x1024.png","type":"image\/png"}],"author":"admin","twitter_card":"summary_large_image","twitter_misc":{"Geschrieben von":"admin","Gesch\u00e4tzte Lesezeit":"2\u00a0Minuten"},"schema":{"@context":"https:\/\/schema.org","@graph":[{"@type":"Article","@id":"https:\/\/stellaematutinae.org\/announcing-the-winners-of-the-stars-of-tomorrow-open-call\/#article","isPartOf":{"@id":"https:\/\/stellaematutinae.org\/announcing-the-winners-of-the-stars-of-tomorrow-open-call\/"},"author":{"name":"admin","@id":"https:\/\/stellaematutinae.org\/#\/schema\/person\/23898a89fcb8f8f615fa4784ae0b8d7d"},"headline":"Announcing the Winners of the &#8220;Stars of Tomorrow&#8221; Open Call!","datePublished":"2025-02-26T10:48:32+00:00","dateModified":"2025-02-26T10:48:37+00:00","mainEntityOfPage":{"@id":"https:\/\/stellaematutinae.org\/announcing-the-winners-of-the-stars-of-tomorrow-open-call\/"},"wordCount":273,"commentCount":0,"publisher":{"@id":"https:\/\/stellaematutinae.org\/#organization"},"image":{"@id":"https:\/\/stellaematutinae.org\/announcing-the-winners-of-the-stars-of-tomorrow-open-call\/#primaryimage"},"thumbnailUrl":"https:\/\/stellaematutinae.org\/wp-content\/uploads\/2025\/02\/1.png","articleSection":["Uncategorized"],"inLanguage":"de","potentialAction":[{"@type":"CommentAction","name":"Comment","target":["https:\/\/stellaematutinae.org\/announcing-the-winners-of-the-stars-of-tomorrow-open-call\/#respond"]}]},{"@type":"WebPage","@id":"https:\/\/stellaematutinae.org\/announcing-the-winners-of-the-stars-of-tomorrow-open-call\/","url":"https:\/\/stellaematutinae.org\/announcing-the-winners-of-the-stars-of-tomorrow-open-call\/","name":"Announcing the Winners of the \"Stars of Tomorrow\" Open Call! - Stellae Matutinae - European Harp Symposium","isPartOf":{"@id":"https:\/\/stellaematutinae.org\/#website"},"primaryImageOfPage":{"@id":"https:\/\/stellaematutinae.org\/announcing-the-winners-of-the-stars-of-tomorrow-open-call\/#primaryimage"},"image":{"@id":"https:\/\/stellaematutinae.org\/announcing-the-winners-of-the-stars-of-tomorrow-open-call\/#primaryimage"},"thumbnailUrl":"https:\/\/stellaematutinae.org\/wp-content\/uploads\/2025\/02\/1.png","datePublished":"2025-02-26T10:48:32+00:00","dateModified":"2025-02-26T10:48:37+00:00","breadcrumb":{"@id":"https:\/\/stellaematutinae.org\/announcing-the-winners-of-the-stars-of-tomorrow-open-call\/#breadcrumb"},"inLanguage":"de","potentialAction":[{"@type":"ReadAction","target":["https:\/\/stellaematutinae.org\/announcing-the-winners-of-the-stars-of-tomorrow-open-call\/"]}]},{"@type":"ImageObject","inLanguage":"de","@id":"https:\/\/stellaematutinae.org\/announcing-the-winners-of-the-stars-of-tomorrow-open-call\/#primaryimage","url":"https:\/\/stellaematutinae.org\/wp-content\/uploads\/2025\/02\/1.png","contentUrl":"https:\/\/stellaematutinae.org\/wp-content\/uploads\/2025\/02\/1.png","width":1080,"height":1350},{"@type":"BreadcrumbList","@id":"https:\/\/stellaematutinae.org\/announcing-the-winners-of-the-stars-of-tomorrow-open-call\/#breadcrumb","itemListElement":[{"@type":"ListItem","position":1,"name":"Home","item":"https:\/\/stellaematutinae.org\/"},{"@type":"ListItem","position":2,"name":"Announcing the Winners of the &#8220;Stars of Tomorrow&#8221; Open Call!"}]},{"@type":"WebSite","@id":"https:\/\/stellaematutinae.org\/#website","url":"https:\/\/stellaematutinae.org\/","name":"Stellae Matutinae - European Harp Symposium","description":"Folge den Sternen - Follow the Stars","publisher":{"@id":"https:\/\/stellaematutinae.org\/#organization"},"alternateName":"European Harp Symposium 2025","potentialAction":[{"@type":"SearchAction","target":{"@type":"EntryPoint","urlTemplate":"https:\/\/stellaematutinae.org\/?s={search_term_string}"},"query-input":{"@type":"PropertyValueSpecification","valueRequired":true,"valueName":"search_term_string"}}],"inLanguage":"de"},{"@type":"Organization","@id":"https:\/\/stellaematutinae.org\/#organization","name":"Stellae Matutinae","url":"https:\/\/stellaematutinae.org\/","logo":{"@type":"ImageObject","inLanguage":"de","@id":"https:\/\/stellaematutinae.org\/#\/schema\/logo\/image\/","url":"http:\/\/stellaematutinae.org\/wp-content\/uploads\/2024\/09\/cropped-nur-Stern.png","contentUrl":"http:\/\/stellaematutinae.org\/wp-content\/uploads\/2024\/09\/cropped-nur-Stern.png","width":512,"height":512,"caption":"Stellae Matutinae"},"image":{"@id":"https:\/\/stellaematutinae.org\/#\/schema\/logo\/image\/"},"sameAs":["https:\/\/www.facebook.com\/stellaematutinae","https:\/\/www.youtube.com\/@stellae_matutinae","https:\/\/instagram.com\/stellaematutinae"]},{"@type":"Person","@id":"https:\/\/stellaematutinae.org\/#\/schema\/person\/23898a89fcb8f8f615fa4784ae0b8d7d","name":"admin","image":{"@type":"ImageObject","inLanguage":"de","@id":"https:\/\/secure.gravatar.com\/avatar\/a099c5b710335ed602e59f9fcca0400284931df3b8cf8d9c7a15d4f45b5f4749?s=96&d=mm&r=g","url":"https:\/\/secure.gravatar.com\/avatar\/a099c5b710335ed602e59f9fcca0400284931df3b8cf8d9c7a15d4f45b5f4749?s=96&d=mm&r=g","contentUrl":"https:\/\/secure.gravatar.com\/avatar\/a099c5b710335ed602e59f9fcca0400284931df3b8cf8d9c7a15d4f45b5f4749?s=96&d=mm&r=g","caption":"admin"},"sameAs":["https:\/\/stellaematutinae-hoi1spoc8d.live-website.com"],"url":"https:\/\/stellaematutinae.org\/de\/author\/admin\/"}]}},"featured_image_src_square":"https:\/\/stellaematutinae.org\/wp-content\/uploads\/2025\/02\/1.png","category_info":"<a href=\"https:\/\/stellaematutinae.org\/de\/category\/uncategorized-en\/\" rel=\"category tag\">Uncategorized<\/a>","tags_info":"","social_share_info":"<a data-share=\"facebook\" href=\"https:\/\/www.facebook.com\/sharer.php?u=https:\/\/stellaematutinae.org\/de\/announcing-the-winners-of-the-stars-of-tomorrow-open-call\/\" class=\"tb-facebook-share social-share-default tb-social-share\" target=\"_blank\"><i class=\"fab fa-facebook-f\" aria-hidden=\"true\"><\/i><\/a><a data-share=\"twitter\" href=\"https:\/\/twitter.com\/share?url=https:\/\/stellaematutinae.org\/de\/announcing-the-winners-of-the-stars-of-tomorrow-open-call\/\" class=\"tb-twiiter-share social-share-default tb-social-share\" target=\"_blank\"><i class=\"fab fa-twitter\" aria-hidden=\"true\"><\/i><\/a><a data-share=\"linkedin\" href=\"https:\/\/www.linkedin.com\/shareArticle?url=https:\/\/stellaematutinae.org\/de\/announcing-the-winners-of-the-stars-of-tomorrow-open-call\/\" class=\"tb-linkedin-share social-share-default tb-social-share\" target=\"_blank\"><i class=\"fab fa-linkedin-in\" aria-hidden=\"true\"><\/i><\/a>","wordExcerpt_info":"<p><!-- wp:paragraph --><\/p>\n<p><!-- \/wp:paragraph --><\/p>\n<p><!-- wp:paragraph --><\/p>\n<p>We are delighted to announce the winners of the <strong>&#8220;Stars of Tomorrow&#8221;<\/strong> Open Call for the concert series taking place during the <strong>European Harp Symposium &#8220;Stellae Matutinae&#8221;<\/strong>, which will be held from <strong>April 12\u201318, 2025, in Feldkirch, Austria<\/strong>.<\/p>\n<p><!-- \/wp:paragraph --><\/p>\n<p><!-- wp:spacer {\"height\":\"31px\"} --><\/p>\n<div style=\"height:31px\" aria-hidden=\"true\" class=\"wp-block-spacer\"><\/div>\n<p><!-- \/wp:spacer --><\/p>\n<p><!-- wp:paragraph --><\/p>\n<p>After receiving <strong>almost 60 applications<\/strong> from talented young harpists worldwide, the selection process was truly inspiring. The level of artistry and dedication demonstrated by all applicants was exceptional, and we are grateful to everyone who participated.<\/p>\n<p><!-- \/wp:paragraph --><\/p>\n<p><!-- wp:spacer {\"height\":\"51px\"} --><\/p>\n<div style=\"height:51px\" aria-hidden=\"true\" class=\"wp-block-spacer\"><\/div>\n<p><!-- \/wp:spacer --><\/p>\n<p><!-- wp:paragraph --><\/p>\n<p>\ud83c\udfb6 <strong>Congratulations to the selected performers:<\/strong><\/p>\n<p><!-- \/wp:paragraph --><\/p>\n<p><!-- wp:list --><\/p>\n<ul class=\"wp-block-list\"><!-- wp:list-item --><\/p>\n<li><strong>Teodora Cotuna Rizea<\/strong> (Spain)<\/li>\n<p><!-- \/wp:list-item --><\/p>\n<p><!-- wp:list-item --><\/p>\n<li><strong>Iva Dimitrijevi\u0107<\/strong> (Serbia)<\/li>\n<p><!-- \/wp:list-item --><\/p>\n<p><!-- wp:list-item --><\/p>\n<li><strong>Gabriela Dudziak<\/strong> (Poland)<\/li>\n<p><!-- \/wp:list-item --><\/p>\n<p><!-- wp:list-item --><\/p>\n<li><strong>Zeynep Duru G\u00fcle\u00e7<\/strong> (Turkey)<\/li>\n<p><!-- \/wp:list-item --><\/p>\n<p><!-- wp:list-item --><\/p>\n<li><strong>Nadja Floder<\/strong> (Austria)<\/li>\n<p><!-- \/wp:list-item --><\/p>\n<p><!-- wp:list-item --><\/p>\n<li><strong>Deborah Haag<\/strong> (Germany)<\/li>\n<p><!-- \/wp:list-item --><\/p>\n<p><!-- wp:list-item --><\/p>\n<li><strong>Lin\u00e9 Lipnickait\u00e9<\/strong> (Lithuania)<\/li>\n<p><!-- \/wp:list-item --><\/p>\n<p><!-- wp:list-item --><\/p>\n<li><strong>Rosie Murphy<\/strong> (Ireland)<\/li>\n<p><!-- \/wp:list-item --><\/p>\n<p><!-- wp:list-item --><\/p>\n<li><strong>Mizuki Namba<\/strong> (Japan)<\/li>\n<p><!-- \/wp:list-item --><\/p>\n<p><!-- wp:list-item --><\/p>\n<li><strong>Maria Pogolski<\/strong> (Germany)<\/li>\n<p><!-- \/wp:list-item --><\/p>\n<p><!-- wp:list-item --><\/p>\n<li><strong>\u00c1lmos L\u00e1szl\u00f3 Tall\u00f3s<\/strong> (Hungary)<\/li>\n<p><!-- \/wp:list-item --><\/p>\n<p><!-- wp:list-item --><\/p>\n<li><strong>Henriette Urban<\/strong> (Germany)<\/li>\n<p><!-- \/wp:list-item --><\/ul>\n<p><!-- \/wp:list --><\/p>\n<p><!-- wp:paragraph --><\/p>\n<p>This selection was made by a distinguished jury of experts, who carefully evaluated all applications:<\/p>\n<p><!-- \/wp:paragraph --><\/p>\n<p><!-- wp:paragraph --><\/p>\n<p>\ud83c\udfbc <strong>Head of the Commission:<\/strong><\/p>\n<p><!-- \/wp:paragraph --><\/p>\n<p><!-- wp:list --><\/p>\n<ul class=\"wp-block-list\"><!-- wp:list-item --><\/p>\n<li><strong>Viktor Hartobanu<\/strong> (Austria) \u2013 Stella Vorarlberg Private University College for Music<\/li>\n<p><!-- \/wp:list-item --><\/ul>\n<p><!-- \/wp:list --><\/p>\n<p><!-- wp:paragraph --><\/p>\n<p>\ud83c\udfbc <strong>Commission Members:<\/strong><\/p>\n<p><!-- \/wp:paragraph --><\/p>\n<p><!-- wp:list --><\/p>\n<ul class=\"wp-block-list\"><!-- wp:list-item --><\/p>\n<li><strong>Eva Curth<\/strong> (Germany) \u2013 Konservatorium Georg Philipp Telemann in Magdeburg<\/li>\n<p><!-- \/wp:list-item --><\/p>\n<p><!-- wp:list-item --><\/p>\n<li><strong>Elisabeth Plank<\/strong> (Austria) \u2013 Universit\u00e4t f\u00fcr Musik und darstellende Kunst Wien<\/li>\n<p><!-- \/wp:list-item --><\/p>\n<p><!-- wp:list-item --><\/p>\n<li><strong>Adrian Nowak<\/strong> (Poland) \u2013 Krzysztof Penderecki Academy of Music in Cracow<\/li>\n<p><!-- \/wp:list-item --><\/p>\n<p><!-- wp:list-item --><\/p>\n<li><strong>Giuliano Marco Mattioli<\/strong> (Italy)<\/li>\n<p><!-- \/wp:list-item --><\/ul>\n<p><!-- \/wp:list --><\/p>\n<p><!-- wp:paragraph --><\/p>\n<p>We want to extend our heartfelt <strong>congratulations to all applicants<\/strong>\u2014whether you have been selected for the concert series or the masterclass, you are all part of this exciting journey. Each participant will receive an email with further details about their concert dates and proposed masterclasses.<\/p>\n<p><!-- \/wp:paragraph --><\/p>\n<p><!-- wp:spacer {\"height\":\"34px\"} --><\/p>\n<div style=\"height:34px\" aria-hidden=\"true\" class=\"wp-block-spacer\"><\/div>\n<p><!-- \/wp:spacer --><\/p>\n<p><!-- wp:paragraph --><\/p>\n<p>We eagerly anticipate welcoming these talented young musicians to Feldkirch and celebrating the future of harp music together!<\/p>\n<p><!-- \/wp:paragraph --><\/p>\n<p><!-- wp:spacer {\"height\":\"35px\"} --><\/p>\n<div style=\"height:35px\" aria-hidden=\"true\" class=\"wp-block-spacer\"><\/div>\n<p><!-- \/wp:spacer --><\/p>\n<p><!-- wp:paragraph --><\/p>\n<p><strong>Stay tuned for more updates and see you in April!<\/strong><\/p>\n<p><!-- \/wp:paragraph --><\/p>\n<p><!-- wp:spacer {\"height\":\"33px\"} --><\/p>\n<div style=\"height:33px\" aria-hidden=\"true\" class=\"wp-block-spacer\"><\/div>\n<p><!-- \/wp:spacer --><\/p>\n<p><!-- wp:paragraph --><\/p>\n<p>#StellaeMatutinae #EuropeanHarpSymposium #StarsOfTomorrow #HarpMusic #YoungArtists<\/p>\n<p><!-- \/wp:paragraph --><\/p>\n<p><!-- wp:uagb\/image {\"block_id\":\"8c971396\",\"url\":\"https:\/\/stellaematutinae.org\/wp-content\/uploads\/2025\/02\/OPEN-CALL-WINNERS-724x1024.png\",\"urlTablet\":\"https:\/\/stellaematutinae.org\/wp-content\/uploads\/2025\/02\/OPEN-CALL-WINNERS.png\",\"urlMobile\":\"https:\/\/stellaematutinae.org\/wp-content\/uploads\/2025\/02\/OPEN-CALL-WINNERS.png\",\"id\":3200,\"linkDestination\":\"none\",\"title\":\"OPEN CALL WINNERS\",\"naturalWidth\":1587,\"naturalHeight\":2245,\"sizeSlug\":\"large\",\"sizeSlugTablet\":\"large\",\"sizeSlugMobile\":\"large\"} --><\/p>\n<div class=\"wp-block-uagb-image uagb-block-8c971396 wp-block-uagb-image--layout-default wp-block-uagb-image--effect-static wp-block-uagb-image--align-none\">\n<figure class=\"wp-block-uagb-image__figure\"><img src=\"https:\/\/stellaematutinae.org\/wp-content\/uploads\/2025\/02\/OPEN-CALL-WINNERS-724x1024.png\" alt=\"\" class=\"uag-image-3200\" width=\"1587\" height=\"2245\" title=\"OPEN CALL WINNERS\" loading=\"lazy\" role=\"img\" \/><\/figure>\n<\/div>\n<p><!-- \/wp:uagb\/image --><\/p>\n<p><!-- wp:paragraph --><\/p>\n<p><!-- \/wp:paragraph --><\/p>\n","comment_info":"0","uagb_featured_image_src":{"full":["https:\/\/stellaematutinae.org\/wp-content\/uploads\/2025\/02\/1.png",1080,1350,false],"thumbnail":["https:\/\/stellaematutinae.org\/wp-content\/uploads\/2025\/02\/1-150x150.png",150,150,true],"medium":["https:\/\/stellaematutinae.org\/wp-content\/uploads\/2025\/02\/1-240x300.png",240,300,true],"medium_large":["https:\/\/stellaematutinae.org\/wp-content\/uploads\/2025\/02\/1-768x960.png",768,960,true],"large":["https:\/\/stellaematutinae.org\/wp-content\/uploads\/2025\/02\/1-819x1024.png",819,1024,true],"1536x1536":["https:\/\/stellaematutinae.org\/wp-content\/uploads\/2025\/02\/1.png",1080,1350,false],"2048x2048":["https:\/\/stellaematutinae.org\/wp-content\/uploads\/2025\/02\/1.png",1080,1350,false],"trp-custom-language-flag":["https:\/\/stellaematutinae.org\/wp-content\/uploads\/2025\/02\/1-10x12.png",10,12,true],"tb-timeline-landscape":["https:\/\/stellaematutinae.org\/wp-content\/uploads\/2025\/02\/1.png",320,400,false],"tb-timeline-square":["https:\/\/stellaematutinae.org\/wp-content\/uploads\/2025\/02\/1.png",480,600,false]},"uagb_author_info":{"display_name":"admin","author_link":"https:\/\/stellaematutinae.org\/de\/author\/admin\/"},"uagb_comment_info":10,"uagb_excerpt":"We are delighted to announce the winners of the &#8220;Stars of Tomorrow&#8221; Open Call for the concert series taking place during the European Harp Symposium &#8220;Stellae Matutinae&#8221;, which will be [&hellip;]","_links":{"self":[{"href":"https:\/\/stellaematutinae.org\/de\/wp-json\/wp\/v2\/posts\/3198","targetHints":{"allow":["GET"]}}],"collection":[{"href":"https:\/\/stellaematutinae.org\/de\/wp-json\/wp\/v2\/posts"}],"about":[{"href":"https:\/\/stellaematutinae.org\/de\/wp-json\/wp\/v2\/types\/post"}],"author":[{"embeddable":true,"href":"https:\/\/stellaematutinae.org\/de\/wp-json\/wp\/v2\/users\/1"}],"replies":[{"embeddable":true,"href":"https:\/\/stellaematutinae.org\/de\/wp-json\/wp\/v2\/comments?post=3198"}],"version-history":[{"count":1,"href":"https:\/\/stellaematutinae.org\/de\/wp-json\/wp\/v2\/posts\/3198\/revisions"}],"predecessor-version":[{"id":3201,"href":"https:\/\/stellaematutinae.org\/de\/wp-json\/wp\/v2\/posts\/3198\/revisions\/3201"}],"wp:featuredmedia":[{"embeddable":true,"href":"https:\/\/stellaematutinae.org\/de\/wp-json\/wp\/v2\/media\/3199"}],"wp:attachment":[{"href":"https:\/\/stellaematutinae.org\/de\/wp-json\/wp\/v2\/media?parent=3198"}],"wp:term":[{"taxonomy":"category","embeddable":true,"href":"https:\/\/stellaematutinae.org\/de\/wp-json\/wp\/v2\/categories?post=3198"},{"taxonomy":"post_tag","embeddable":true,"href":"https:\/\/stellaematutinae.org\/de\/wp-json\/wp\/v2\/tags?post=3198"}],"curies":[{"name":"wp","href":"https:\/\/api.w.org\/{rel}","templated":true}]}}